{"id":1149,"date":"2024-06-12T10:38:02","date_gmt":"2024-06-12T08:38:02","guid":{"rendered":"https:\/\/equanimity.energy\/?p=1149"},"modified":"2024-06-12T11:04:39","modified_gmt":"2024-06-12T09:04:39","slug":"centre-de-villa-domenech-2","status":"publish","type":"post","link":"https:\/\/equanimity.energy\/ca\/centre-de-villa-domenech-2\/","title":{"rendered":"Centre de Villa Dom\u00e8nech"},"content":{"rendered":"","protected":false},"excerpt":{"rendered":"<p>Aquesta estaci\u00f3 de c\u00e0rrega estar\u00e0 ubicada a l\u2019autovia A31 que uneix Madrid i Alacant, que convergeix amb el tr\u00e0fic de l&#8217;AP7 i el corredor mediterrani TEN-T. L\u2019estaci\u00f3 de c\u00e0rrega es troba, a l&#8217;altura de Caudete, al municipi de Villena. <\/p>\n","protected":false},"author":1,"featured_media":1527,"comment_status":"open","ping_status":"open","sticky":false,"template":"","format":"standard","meta":{"footnotes":""},"categories":[27],"tags":[],"class_list":["post-1149","post","type-post","status-publish","format-standard","has-post-thumbnail","hentry","category-alacant"],"acf":[],"_links":{"self":[{"href":"https:\/\/equanimity.energy\/ca\/wp-json\/wp\/v2\/posts\/1149","targetHints":{"allow":["GET"]}}],"collection":[{"href":"https:\/\/equanimity.energy\/ca\/wp-json\/wp\/v2\/posts"}],"about":[{"href":"https:\/\/equanimity.energy\/ca\/wp-json\/wp\/v2\/types\/post"}],"author":[{"embeddable":true,"href":"https:\/\/equanimity.energy\/ca\/wp-json\/wp\/v2\/users\/1"}],"replies":[{"embeddable":true,"href":"https:\/\/equanimity.energy\/ca\/wp-json\/wp\/v2\/comments?post=1149"}],"version-history":[{"count":2,"href":"https:\/\/equanimity.energy\/ca\/wp-json\/wp\/v2\/posts\/1149\/revisions"}],"predecessor-version":[{"id":1531,"href":"https:\/\/equanimity.energy\/ca\/wp-json\/wp\/v2\/posts\/1149\/revisions\/1531"}],"wp:featuredmedia":[{"embeddable":true,"href":"https:\/\/equanimity.energy\/ca\/wp-json\/wp\/v2\/media\/1527"}],"wp:attachment":[{"href":"https:\/\/equanimity.energy\/ca\/wp-json\/wp\/v2\/media?parent=1149"}],"wp:term":[{"taxonomy":"category","embeddable":true,"href":"https:\/\/equanimity.energy\/ca\/wp-json\/wp\/v2\/categories?post=1149"},{"taxonomy":"post_tag","embeddable":true,"href":"https:\/\/equanimity.energy\/ca\/wp-json\/wp\/v2\/tags?post=1149"}],"curies":[{"name":"wp","href":"https:\/\/api.w.org\/{rel}","templated":true}]}}